{"id":3773,"date":"2019-02-19T13:30:57","date_gmt":"2019-02-19T13:30:57","guid":{"rendered":"http:\/\/museupelligualada.cat\/3421\/"},"modified":"2019-02-19T13:30:57","modified_gmt":"2019-02-19T13:30:57","slug":"3421","status":"publish","type":"post","link":"https:\/\/museupelligualada.cat\/es\/3421\/","title":{"rendered":"FineArt 2019"},"content":{"rendered":"<h3 style=\"text-align: center;\"><strong>S\u2019inaugura la 7a edici\u00f3 de FineArt Igualada<\/strong><\/h3>\n<p>El divendres 22 de febrer es\u00a0 vat la 7a edici\u00f3 de FineArt Igualada, al Museu de la Pell d\u2019Igualada. El festival de refer\u00e8ncia que omple durant 24 dies la ciutat amb exposicions de fot\u00f2grafs d&#8217;arreu. L\u2019acte inaugural ha comptat amb la pres\u00e8ncia de diferents autoritats, tant territorials com locals, encap\u00e7alades pel regidor de promoci\u00f3 cultural, Pere Camps, i el director de FineArt Igualada, Ramon Muntan\u00e9.<\/p>\n<p>FineArt Igualada \u00e9s un esdeveniment de fotografia que reuneix les obres de fot\u00f2grafs de Catalunya, tot l\u2019Estat espanyol, aix\u00ed com d\u2019autors internacionals. Aquesta edici\u00f3 compta amb 54 exposicions que faran d\u2019Igualada la capital de la fotografia del 22 de febrer al 17 de mar\u00e7.<br \/>\nEl director de Fineart Igualada, Ramon Muntan\u00e9, va donarel tret de sortida als 22 dies de festival fotogr\u00e0fic, donant les gr\u00e0cies a tots els assistents i sobretot als fot\u00f2grafs que confien en aquest festival i el fan cr\u00e9ixer. En una edici\u00f3 plena de novetats com la nova sala, l\u2019esgl\u00e9sia de les josefines o l\u2019acord amb la ONCE amb la fot\u00f2grafa Carme Oll\u00e9. Per\u00f2 sense dubte el m\u00e9s rellevant s\u00f3n el nombre d\u2019exposicions, arribant a les 54 exposicions per gaudir i mirar-les amb calma i delicadesa.<br \/>\nEn el seu discurs, el regidor de promoci\u00f3 cultural, Pere Camps, va remarcar la import\u00e0ncia del festival, de la seva continu\u00eftat i de l\u2019aposta ferma que des de l\u2019ajuntament se\u2019n fa. Tot un repte que es va emprendre al 2012 de la m\u00e0 de l\u2019Ajuntament d\u2019Igualada i l\u2019Agrupaci\u00f3 Fotogr\u00e0fica i, que avui \u00e9s un referent nacional. Camps va remarcar la feina de tota l\u2019organitzaci\u00f3 i de la brigada de l\u2019ajuntament per la feina que han desenvolupat.<br \/>\nFins el 17 de mar\u00e7, la ciutat d\u2019Igualada ser\u00e0 una gran exposici\u00f3 que acollir\u00e0 m\u00e9s de 1.000 fotografies. Durant 24 dies la ciutat gaudir\u00e0 d\u2019una mostra dels treballs de trenta-set fot\u00f2grafs d\u2019arreu del m\u00f3n, deu escoles de fotografia, els guanyadors de quatre premis i les fotografies de dos col\u00b7lectius. A m\u00e9s a m\u00e9s, s\u2019ofereixen altres activitats culturals entorn de la tem\u00e0tica: visites guiades, xerrades i tallers de fotografia per a adults i nens. Tot un espectacle pensat per a gaudir de la fotografia en totes les seves vessants.<br \/>\nSeguint la l\u00ednia de les passades edicions, FineArt Igualada opta per la difusi\u00f3 de l\u2019esdeveniment a trav\u00e9s de les xarxes socials. Aix\u00ed, el festival comunica totes les novetats tant de participants com el programa d\u2019activitats a trav\u00e9s de les plataformes Facebook, Twitter &#8211; @fineartigualada i Instagram \u2013 fineartigualada &#8211; (podeu etiquetar les fotos amb el hashtag #Fineart19).<\/p>\n<p><a href=\"http:\/\/www.fineartigualada.cat\/ca\/\" target=\"_blank\" rel=\"noopener noreferrer\">M\u00e9s informaci\u00f3<\/a><\/p>\n<div class=\"row\"  id=\"row-618059790\">\n<div class=\"col medium-4 small-12 large-4\"  ><div class=\"col-inner\"  >\n\t<div class=\"img has-hover x md-x lg-x y md-y lg-y\" id=\"image_1701521630\">\n\t\t\t\t\t\t\t\t<div class=\"img-inner dark\" >\n\t\t\t<img loading=\"lazy\" decoding=\"async\" width=\"1020\" height=\"680\" src=\"https:\/\/museupelligualada.cat\/wp-content\/uploads\/Inauguraci\u00f3_FineArt.jpg\" class=\"attachment-large size-large\" alt=\"\" srcset=\"https:\/\/museupelligualada.cat\/wp-content\/uploads\/Inauguraci\u00f3_FineArt.jpg 1400w, https:\/\/museupelligualada.cat\/wp-content\/uploads\/Inauguraci\u00f3_FineArt-340x227.jpg 340w, https:\/\/museupelligualada.cat\/wp-content\/uploads\/Inauguraci\u00f3_FineArt-800x533.jpg 800w, https:\/\/museupelligualada.cat\/wp-content\/uploads\/Inauguraci\u00f3_FineArt-768x512.jpg 768w, https:\/\/museupelligualada.cat\/wp-content\/uploads\/Inauguraci\u00f3_FineArt-1320x880.jpg 1320w\" sizes=\"auto, (max-width: 1020px) 100vw, 1020px\" \/>\t\t\t\t\t\t\n\t\t\t\t\t<\/div>\n\t\t\t\t\t\t\t\t\n<style scope=\"scope\">\n\n#image_1701521630 {\n  width: 100%;\n}\n<\/style>\n\t<\/div>\n\t\n<\/div><\/div>\n<div class=\"col medium-4 small-12 large-4\"  ><div class=\"col-inner\"  >\n\t<div class=\"img has-hover x md-x lg-x y md-y lg-y\" id=\"image_1036333574\">\n\t\t\t\t\t\t\t\t<div class=\"img-inner dark\" >\n\t\t\t<img loading=\"lazy\" decoding=\"async\" width=\"1020\" height=\"680\" src=\"https:\/\/museupelligualada.cat\/wp-content\/uploads\/IMG_3448.jpg\" class=\"attachment-large size-large\" alt=\"\" srcset=\"https:\/\/museupelligualada.cat\/wp-content\/uploads\/IMG_3448.jpg 1400w, https:\/\/museupelligualada.cat\/wp-content\/uploads\/IMG_3448-340x227.jpg 340w, https:\/\/museupelligualada.cat\/wp-content\/uploads\/IMG_3448-800x533.jpg 800w, https:\/\/museupelligualada.cat\/wp-content\/uploads\/IMG_3448-768x512.jpg 768w, https:\/\/museupelligualada.cat\/wp-content\/uploads\/IMG_3448-1320x880.jpg 1320w\" sizes=\"auto, (max-width: 1020px) 100vw, 1020px\" \/>\t\t\t\t\t\t\n\t\t\t\t\t<\/div>\n\t\t\t\t\t\t\t\t\n<style scope=\"scope\">\n\n#image_1036333574 {\n  width: 100%;\n}\n<\/style>\n\t<\/div>\n\t\n<\/div><\/div>\n<div class=\"col medium-4 small-12 large-4\"  ><div class=\"col-inner\"  >\n\t<div class=\"img has-hover x md-x lg-x y md-y lg-y\" id=\"image_1281226722\">\n\t\t\t\t\t\t\t\t<div class=\"img-inner dark\" >\n\t\t\t<img loading=\"lazy\" decoding=\"async\" width=\"1020\" height=\"680\" src=\"https:\/\/museupelligualada.cat\/wp-content\/uploads\/IMG_3422.jpg\" class=\"attachment-large size-large\" alt=\"\" srcset=\"https:\/\/museupelligualada.cat\/wp-content\/uploads\/IMG_3422.jpg 1400w, https:\/\/museupelligualada.cat\/wp-content\/uploads\/IMG_3422-340x227.jpg 340w, https:\/\/museupelligualada.cat\/wp-content\/uploads\/IMG_3422-800x533.jpg 800w, https:\/\/museupelligualada.cat\/wp-content\/uploads\/IMG_3422-768x512.jpg 768w, https:\/\/museupelligualada.cat\/wp-content\/uploads\/IMG_3422-1320x880.jpg 1320w\" sizes=\"auto, (max-width: 1020px) 100vw, 1020px\" \/>\t\t\t\t\t\t\n\t\t\t\t\t<\/div>\n\t\t\t\t\t\t\t\t\n<style scope=\"scope\">\n\n#image_1281226722 {\n  width: 100%;\n}\n<\/style>\n\t<\/div>\n\t\n<\/div><\/div>\n<\/div>\n","protected":false},"excerpt":{"rendered":"<p>S\u2019inaugura la 7a edici\u00f3 de FineArt Igualada El divendres 22 de febrer es\u00a0 vat la 7a edici\u00f3 de FineArt Igualada, al Museu de la Pell d\u2019Igualada. El festival de refer\u00e8ncia que omple durant 24 dies la ciutat amb exposicions de fot\u00f2grafs d&#8217;arreu. L\u2019acte inaugural ha comptat amb la pres\u00e8ncia de diferents autoritats, tant territorials com [&hellip;]\n","protected":false},"author":1,"featured_media":0,"comment_status":"closed","ping_status":"open","sticky":false,"template":"","format":"standard","meta":{"footnotes":""},"categories":[194],"tags":[206,207,208,209,210],"class_list":["post-3773","post","type-post","status-publish","format-standard","hentry","category-activitats-es","tag-culturaigualada-es","tag-exposicions-temporals-es","tag-fineart-es","tag-fotografia-es","tag-oci-actiu-es"],"_links":{"self":[{"href":"https:\/\/museupelligualada.cat\/es\/wp-json\/wp\/v2\/posts\/3773","targetHints":{"allow":["GET"]}}],"collection":[{"href":"https:\/\/museupelligualada.cat\/es\/wp-json\/wp\/v2\/posts"}],"about":[{"href":"https:\/\/museupelligualada.cat\/es\/wp-json\/wp\/v2\/types\/post"}],"author":[{"embeddable":true,"href":"https:\/\/museupelligualada.cat\/es\/wp-json\/wp\/v2\/users\/1"}],"replies":[{"embeddable":true,"href":"https:\/\/museupelligualada.cat\/es\/wp-json\/wp\/v2\/comments?post=3773"}],"version-history":[{"count":0,"href":"https:\/\/museupelligualada.cat\/es\/wp-json\/wp\/v2\/posts\/3773\/revisions"}],"wp:attachment":[{"href":"https:\/\/museupelligualada.cat\/es\/wp-json\/wp\/v2\/media?parent=3773"}],"wp:term":[{"taxonomy":"category","embeddable":true,"href":"https:\/\/museupelligualada.cat\/es\/wp-json\/wp\/v2\/categories?post=3773"},{"taxonomy":"post_tag","embeddable":true,"href":"https:\/\/museupelligualada.cat\/es\/wp-json\/wp\/v2\/tags?post=3773"}],"curies":[{"name":"wp","href":"https:\/\/api.w.org\/{rel}","templated":true}]}}